{"id":111,"date":"2016-10-22T17:25:45","date_gmt":"2016-10-22T17:25:45","guid":{"rendered":"http:\/\/aaria-tv.com\/wpzeri\/?p=111"},"modified":"2016-10-26T02:53:50","modified_gmt":"2016-10-26T02:53:50","slug":"feria-darles-aux-andalouses","status":"publish","type":"post","link":"http:\/\/aaria-tv.com\/wpzeri\/2016\/10\/22\/feria-darles-aux-andalouses\/","title":{"rendered":"f\u00e9ria d&rsquo;Arles aux Andalouses"},"content":{"rendered":"<p>Pour la f\u00e9ria de P\u00e2ques aux Andalouses, une jolie sc\u00e9nographie initi\u00e9e par R\u00e9gis Jalabert avec ses oeuvres infographiques toujours inspir\u00e9es par la plastique g\u00e9n\u00e9reuse de Marylin, les peintures de G Martinez et des vid\u00e9os et peintures algorythmiques en temps r\u00e9el sur le th\u00e8me des 7 p\u00e9ch\u00e9s capitaux.<br \/>\nBon terrain d&rsquo;exp\u00e9rience, bonne compagnie avec des gens qui ont encore la foi de faire quelque chose avec leurs envies.<br \/>\nJe vais continuer dans ce sens, la vid\u00e9o live. C&rsquo;est tendance dans les boites de nuit para\u00eet-il.<br \/>\nDans les ann\u00e9es 68, on faisait du \u00ab\u00a0light show\u00a0\u00bb avec Vasco de Montlhery, on projetait des couleurs \u00e0 l&rsquo;aniline mix\u00e9es avec de la parafine, des \u00ab\u00a0organiques\u00a0\u00bb , on agitait nos petites pognes devant l&rsquo;objectif pour faire clignoter, on mettait des petits moteurs et des prismes, pendant que les groupes de pop faisaient planer la musique.<br \/>\nFinalement, j&rsquo;aurai fait beaucoup de route pour en revenir l\u00e0.<br \/>\nCe serait id\u00e9al avec un vieil acteur assis en avant sc\u00e8ne qui d\u00e9bite un truc sur le \u00ab\u00a0duende\u00a0\u00bb sans bouger et un guitariste sur le cot\u00e9 qui oscillerait entre Hendrix et paco de lucia.<\/p>\n<p><img loading=\"lazy\" class=\"alignnone size-full wp-image-113\" src=\"http:\/\/aaria-tv.com\/wpzeri\/wp-content\/uploads\/2016\/10\/andalouses.jpg\" alt=\"andalouses\" width=\"1000\" height=\"581\" srcset=\"http:\/\/aaria-tv.com\/wpzeri\/wp-content\/uploads\/2016\/10\/andalouses.jpg 1000w, http:\/\/aaria-tv.com\/wpzeri\/wp-content\/uploads\/2016\/10\/andalouses-300x174.jpg 300w, http:\/\/aaria-tv.com\/wpzeri\/wp-content\/uploads\/2016\/10\/andalouses-768x446.jpg 768w\" sizes=\"(max-width: 1000px) 100vw, 1000px\" \/><\/p>\n","protected":false},"excerpt":{"rendered":"<p>Pour la f\u00e9ria de P\u00e2ques aux Andalouses, une jolie sc\u00e9nographie initi\u00e9e par R\u00e9gis Jalabert avec ses oeuvres infographiques toujours inspir\u00e9es par la plastique g\u00e9n\u00e9reuse de Marylin<\/p>\n","protected":false},"author":1,"featured_media":114,"comment_status":"closed","ping_status":"open","sticky":false,"template":"","format":"standard","meta":[],"categories":[11],"tags":[],"_links":{"self":[{"href":"http:\/\/aaria-tv.com\/wpzeri\/wp-json\/wp\/v2\/posts\/111"}],"collection":[{"href":"http:\/\/aaria-tv.com\/wpzeri\/wp-json\/wp\/v2\/posts"}],"about":[{"href":"http:\/\/aaria-tv.com\/wpzeri\/wp-json\/wp\/v2\/types\/post"}],"author":[{"embeddable":true,"href":"http:\/\/aaria-tv.com\/wpzeri\/wp-json\/wp\/v2\/users\/1"}],"replies":[{"embeddable":true,"href":"http:\/\/aaria-tv.com\/wpzeri\/wp-json\/wp\/v2\/comments?post=111"}],"version-history":[{"count":3,"href":"http:\/\/aaria-tv.com\/wpzeri\/wp-json\/wp\/v2\/posts\/111\/revisions"}],"predecessor-version":[{"id":118,"href":"http:\/\/aaria-tv.com\/wpzeri\/wp-json\/wp\/v2\/posts\/111\/revisions\/118"}],"wp:featuredmedia":[{"embeddable":true,"href":"http:\/\/aaria-tv.com\/wpzeri\/wp-json\/wp\/v2\/media\/114"}],"wp:attachment":[{"href":"http:\/\/aaria-tv.com\/wpzeri\/wp-json\/wp\/v2\/media?parent=111"}],"wp:term":[{"taxonomy":"category","embeddable":true,"href":"http:\/\/aaria-tv.com\/wpzeri\/wp-json\/wp\/v2\/categories?post=111"},{"taxonomy":"post_tag","embeddable":true,"href":"http:\/\/aaria-tv.com\/wpzeri\/wp-json\/wp\/v2\/tags?post=111"}],"curies":[{"name":"wp","href":"https:\/\/api.w.org\/{rel}","templated":true}]}}