{"id":2521,"date":"2022-07-27T20:40:00","date_gmt":"2022-07-27T20:40:00","guid":{"rendered":"http:\/\/aaria-tv.com\/wpzeri\/?p=2521"},"modified":"2022-08-03T00:09:33","modified_gmt":"2022-08-03T00:09:33","slug":"journee-necessaire-2022","status":"publish","type":"post","link":"http:\/\/aaria-tv.com\/wpzeri\/2022\/07\/27\/journee-necessaire-2022\/","title":{"rendered":"journ\u00e9e n\u00e9cessaire 2022"},"content":{"rendered":"\n<h2 class=\"has-vivid-red-color has-text-color\">Journ\u00e9e n\u00e9cessaire 13\/07\/2022<\/h2>\n\n\n\n<p>N\u00e9cessaire mais pas suffisant. Le 13 est un jour de rel\u00e2che impos\u00e9 pour les travailleurs du Off pendant le festival. L&rsquo;hommage perp\u00e9tuel au cr\u00e9ateur y a fait son nid. Seuls quelques initi\u00e9s s&rsquo;y rendent, il est vrai que certains sont fatigu\u00e9s ou morts ou presque. La cabine du Saviem jaune est expos\u00e9e en vitrine. Lors de la tourn\u00e9e de \u00ab\u00a0fusillade \u00e0 Montredon\u00a0\u00bb avec le chapiteau, on \u00e9tait \u00e0 une tonne de surcharge&#8230; J&rsquo;ai revu cette ann\u00e9e Charles, Michel, Sophie, Bernard\u2026 Pascale \u00e9tait rest\u00e9e au frais. <br>Christian et Claude rejouent \u00e0 l&rsquo;envi la gen\u00e8se de la Nouvelle Compagnie. Une petite table ronde plut\u00f4t carr\u00e9e \u00e0 propos d&rsquo;une publication qui exhume les carnets de bord d&rsquo;A.B., d\u00e9sormais class\u00e9s et mis en boite \u00e0 la B.N.F. par Lenka Bokova. On d\u00e9couvre encore des plans de bataille et des \u00e9tats d&rsquo;\u00e2me inconnus consign\u00e9s pour la post\u00e9rit\u00e9. L\u00e9onor a lu du Michaux. Jean Marie Lamblard est d\u00e9finitivement class\u00e9 \u00ab\u00a0\u00e9leveur de pintades\u00a0\u00bb. Emeline superbe comme toujours. Neveux s&rsquo;est souvenu \u00e9galement de sa fascination pour l&rsquo;acteur.<br>Andr\u00e9 jouait sur le fil de la trajectoire d&rsquo;un pilote de motocyclette. Note bleue sans fioriture. Tension dialectique entre force centrifuge et pesanteur terrestre, Eschyle vs Shakespeare. Avec une \u00e9conomie de moyens qui confinait au vertige de l&rsquo;\u00e9pure irr\u00e9ductible. A.B. analyse cette contradiction entre l&rsquo;auteur et l&rsquo;acteur-virtuose dans un texte fameux, maintes fois r\u00e9\u00e9crit, \u00ab\u00a0L\u2019auteur avec un acteur dans le corps\u00a0\u00bb. <br>Cot\u00e9 nouvelle vague, remarquable interpr\u00e9tation de ce texte par le jeune Malo Moati.<br>En ce qui me concerne, les vid\u00e9o-po\u00e8mes-horloge n&rsquo;int\u00e9ressant absolument plus personne, je suis devenu malgr\u00e9 moi un fant\u00f4me parmi les fant\u00f4mes errant dans un th\u00e9\u00e2tre hantique.<\/p>\n\n\n<div class=\"wonderplugin-video\" style=\"width:1280px;height:720px;background-color:#000;overflow:hidden;max-width:100%;margin:0 auto\" data-aspectratio=\"1.7777777777778\"><div class=\"wpve-videoplayer\" style=\"width:100%;height:100%\" data-mp4=\"http:\/\/aaria-tv.com\/mp4\/compil_journee2022.mp4\" data-skinfolder=\"http:\/\/aaria-tv.com\/wpzeri\/wp-content\/plugins\/wonderplugin-video-embed\/engine\/\" data-poster=\"http:\/\/aaria-tv.com\/wpzeri\/wp-content\/uploads\/2022\/07\/carme2022b.jpg\" data-playbutton=\"http:\/\/aaria-tv.com\/wpzeri\/wp-content\/plugins\/wonderplugin-video-embed\/engine\/playvideo-64-64-0.png\"><\/div><\/div>\n<p><\/p>\n\n\n<h2 class=\"has-vivid-red-color has-text-color\">Horloge &#8211; po\u00e8me &#8211; \u00ab\u00a0\u00e0 l&rsquo;heure o\u00f9 revisit\u00e9 2022\u00a0\u00bb (boucle int\u00e9grale)<\/h2>\n\n\n<div class=\"wonderplugin-video\" style=\"width:1280px;height:720px;background-color:#000;overflow:hidden;max-width:100%;margin:0 auto\" data-aspectratio=\"1.7777777777778\"><div class=\"wpve-videoplayer\" style=\"width:100%;height:100%\" data-mp4=\"http:\/\/aaria-tv.com\/mp4\/a_l_heure_horloge_poeme_2022.mp4\" data-skinfolder=\"http:\/\/aaria-tv.com\/wpzeri\/wp-content\/plugins\/wonderplugin-video-embed\/engine\/\" data-poster=\"http:\/\/aaria-tv.com\/wpzeri\/wp-content\/uploads\/2022\/07\/carme2022.jpg\" data-playbutton=\"http:\/\/aaria-tv.com\/wpzeri\/wp-content\/plugins\/wonderplugin-video-embed\/engine\/playvideo-64-64-0.png\"><\/div><\/div>\n\n\n<p><\/p>\n","protected":false},"excerpt":{"rendered":"<p>Journ\u00e9e n\u00e9cessaire 13\/07\/2022 N\u00e9cessaire mais pas suffisant. Le 13 est un jour de rel\u00e2che impos\u00e9 pour les travailleurs du Off pendant le festival. L&rsquo;hommage perp\u00e9tuel au cr\u00e9ateur y a fait son nid. Seuls quelques initi\u00e9s s&rsquo;y rendent, il est vrai que certains sont fatigu\u00e9s ou morts ou presque. La cabine du Saviem jaune est expos\u00e9e<a href=\"http:\/\/aaria-tv.com\/wpzeri\/2022\/07\/27\/journee-necessaire-2022\/\">[&#8230;]<\/a><\/p>\n","protected":false},"author":1,"featured_media":2523,"comment_status":"open","ping_status":"open","sticky":false,"template":"","format":"aside","meta":[],"categories":[13],"tags":[],"_links":{"self":[{"href":"http:\/\/aaria-tv.com\/wpzeri\/wp-json\/wp\/v2\/posts\/2521"}],"collection":[{"href":"http:\/\/aaria-tv.com\/wpzeri\/wp-json\/wp\/v2\/posts"}],"about":[{"href":"http:\/\/aaria-tv.com\/wpzeri\/wp-json\/wp\/v2\/types\/post"}],"author":[{"embeddable":true,"href":"http:\/\/aaria-tv.com\/wpzeri\/wp-json\/wp\/v2\/users\/1"}],"replies":[{"embeddable":true,"href":"http:\/\/aaria-tv.com\/wpzeri\/wp-json\/wp\/v2\/comments?post=2521"}],"version-history":[{"count":28,"href":"http:\/\/aaria-tv.com\/wpzeri\/wp-json\/wp\/v2\/posts\/2521\/revisions"}],"predecessor-version":[{"id":2700,"href":"http:\/\/aaria-tv.com\/wpzeri\/wp-json\/wp\/v2\/posts\/2521\/revisions\/2700"}],"wp:featuredmedia":[{"embeddable":true,"href":"http:\/\/aaria-tv.com\/wpzeri\/wp-json\/wp\/v2\/media\/2523"}],"wp:attachment":[{"href":"http:\/\/aaria-tv.com\/wpzeri\/wp-json\/wp\/v2\/media?parent=2521"}],"wp:term":[{"taxonomy":"category","embeddable":true,"href":"http:\/\/aaria-tv.com\/wpzeri\/wp-json\/wp\/v2\/categories?post=2521"},{"taxonomy":"post_tag","embeddable":true,"href":"http:\/\/aaria-tv.com\/wpzeri\/wp-json\/wp\/v2\/tags?post=2521"}],"curies":[{"name":"wp","href":"https:\/\/api.w.org\/{rel}","templated":true}]}}