{"id":3429,"date":"2024-06-06T12:42:09","date_gmt":"2024-06-06T12:42:09","guid":{"rendered":"http:\/\/aaria-tv.com\/wpzeri\/?p=3429"},"modified":"2024-08-04T14:54:34","modified_gmt":"2024-08-04T14:54:34","slug":"pratique-de-la-joie","status":"publish","type":"post","link":"http:\/\/aaria-tv.com\/wpzeri\/2024\/06\/06\/pratique-de-la-joie\/","title":{"rendered":"Pratique de la joie devant la mort"},"content":{"rendered":"\n<p>\u00ab\u00a0La pratique de la joie devant la mort\u00a0\u00bb ,texte de Georges Bataille qui devait \u00eatre publi\u00e9 dans Ac\u00e9phale  n<sup>o<\/sup>&nbsp;5 (juin 1939), titr\u00e9 \u00ab\u00a0<em>Folie, Guerre et Mort<\/em>\u00ab\u00a0, est anonyme, mais est en fait enti\u00e8rement \u00e9crit par Bataille (le titre propos\u00e9 par Andr\u00e9 Masson aurait d\u00fb \u00eatre \u00ab\u00a0<em>Terre \u00e9rotique<\/em>\u00ab\u00a0) . Pr\u00e9par\u00e9e mais non publi\u00e9e, la revue n\u00b05 est est plac\u00e9e sous le signe tragique de <em>La Pratique de la joie devant la mort<\/em>, et comprend les textes \u00ab&nbsp;La Folie de Nietzsche&nbsp;\u00bb, \u00ab&nbsp;La Menace de guerre&nbsp;\u00bb et \u00ab&nbsp;La Pratique de la joie devant la mort&nbsp;\u00bb, sorte d&rsquo;exercice spirituel \u00e0 l&rsquo;usage d&rsquo;un mystique ath\u00e9e. <br>Bernard Noel a publi\u00e9 ce texte en 1967 au Mercure de France<br>En 1968, au Festival de Nancy, nous avions assist\u00e9 \u00e0 une lecture performance de cet \u00e9crit donn\u00e9e dans un caf\u00e9 de la place Stanislas, en compagnie d&rsquo;Andr\u00e9 Benedetto et d&rsquo;Armand Gatti.<br><br>en 2024 j&rsquo;ai pass\u00e9 ce texte dans ma machine \u00e0 graffitis avec des fragments peints de Christian Bourgeois tir\u00e9s de sa s\u00e9rie \u00ab\u00a0Les enfers\u00a0\u00bb avec une voix I.A. !<\/p>\n\n\n\n<hr class=\"wp-block-separator has-alpha-channel-opacity is-style-wide\"\/>\n\n\n\n<h2 class=\"has-text-align-center\"><a href=\"http:\/\/aaria-tv.com\/mpz\/bataille pratique.mp4\">Voir le clip vid\u00e9o (14&rsquo;30)<\/a><\/h2>\n\n\n<div class=\"wonderplugin-video\" style=\"width:600px;height:400px;background-color:#000;overflow:hidden;max-width:100%;margin:0 auto\" data-aspectratio=\"1.5\"><div class=\"wpve-videoplayer\" style=\"width:100%;height:100%\" data-mp4=\"http:\/\/aaria-tv.com\/mpz\/bataille%20pratique.mp4\" data-skinfolder=\"http:\/\/aaria-tv.com\/wpzeri\/wp-content\/plugins\/wonderplugin-video-embed\/engine\/\" data-poster=\"http:\/\/aaria-tv.com\/wpzeri\/wp-content\/uploads\/2024\/06\/toro_mortx.jpg\" data-playbutton=\"http:\/\/aaria-tv.com\/wpzeri\/wp-content\/plugins\/wonderplugin-video-embed\/engine\/playvideo-64-64-0.png\"><\/div><\/div>\n\n\n<hr class=\"wp-block-separator has-alpha-channel-opacity is-style-wide\"\/>\n\n\n\n<p>\u00ab Le monde intime s\u2019oppose au r\u00e9el comme la d\u00e9mesure \u00e0 la mesure, la folie \u00e0 la raison, l\u2019ivresse \u00e0 la lucidit\u00e9. Il n\u2019y a mesure que de l\u2019objet, raison que dans l\u2019identit\u00e9 de l\u2019objet avec lui-m\u00eame, lucidit\u00e9 que dans la connaissance distincte des objets. Le monde du sujet est la nuit : cette nuit mouvante, infiniment suspecte, qui, dans le sommeil de la raison, engendre des monstres \u00bb. G.B.<br><a href=\"http:\/\/aaria-tv.com\/wpzeri\/2024\/06\/11\/orgie-depense-guerre\/\">voir article suivant<\/a><\/p>\n\n\n\n<hr class=\"wp-block-separator has-alpha-channel-opacity is-style-wide\"\/>\n\n\n\n<p class=\"has-text-align-center\">  <br>  <br>  <br>  <br>Ben Vautier, \u00ab\u00a0Zen for head\u00a0\u00bb<\/p>\n\n\n\n<figure class=\"wp-container-2 wp-block-gallery-1 wp-block-gallery has-nested-images columns-default is-cropped\">\n<figure class=\"wp-block-image size-large\"><img loading=\"lazy\" width=\"1440\" height=\"1498\" data-id=\"3449\"  src=\"http:\/\/aaria-tv.com\/wpzeri\/wp-content\/uploads\/2024\/06\/PVM4XWMPKJCMHHMFJUQRYULX6M.jpg\" alt=\"\" class=\"wp-image-3449\" srcset=\"http:\/\/aaria-tv.com\/wpzeri\/wp-content\/uploads\/2024\/06\/PVM4XWMPKJCMHHMFJUQRYULX6M.jpg 1440w, http:\/\/aaria-tv.com\/wpzeri\/wp-content\/uploads\/2024\/06\/PVM4XWMPKJCMHHMFJUQRYULX6M-288x300.jpg 288w, http:\/\/aaria-tv.com\/wpzeri\/wp-content\/uploads\/2024\/06\/PVM4XWMPKJCMHHMFJUQRYULX6M-768x799.jpg 768w\" sizes=\"(max-width: 1440px) 100vw, 1440px\" \/><\/figure>\n\n\n\n<figure class=\"wp-block-image size-large\"><img loading=\"lazy\" width=\"1280\" height=\"881\" data-id=\"3448\"  src=\"http:\/\/aaria-tv.com\/wpzeri\/wp-content\/uploads\/2024\/06\/La-famille-Vautier-a-la-profonde-tristesse-de-vous-annoncer-le-deces-de-Annie-et-Ben-Vautier-2.png\" alt=\"\" class=\"wp-image-3448\" srcset=\"http:\/\/aaria-tv.com\/wpzeri\/wp-content\/uploads\/2024\/06\/La-famille-Vautier-a-la-profonde-tristesse-de-vous-annoncer-le-deces-de-Annie-et-Ben-Vautier-2.png 1280w, http:\/\/aaria-tv.com\/wpzeri\/wp-content\/uploads\/2024\/06\/La-famille-Vautier-a-la-profonde-tristesse-de-vous-annoncer-le-deces-de-Annie-et-Ben-Vautier-2-300x206.png 300w, http:\/\/aaria-tv.com\/wpzeri\/wp-content\/uploads\/2024\/06\/La-famille-Vautier-a-la-profonde-tristesse-de-vous-annoncer-le-deces-de-Annie-et-Ben-Vautier-2-768x529.png 768w\" sizes=\"(max-width: 1280px) 100vw, 1280px\" \/><\/figure>\n\n\n\n<figure class=\"wp-block-image size-large\"><img loading=\"lazy\" width=\"1600\" height=\"1128\" data-id=\"3447\"  src=\"http:\/\/aaria-tv.com\/wpzeri\/wp-content\/uploads\/2024\/06\/image_0404300_20240605_ob_a58eda_benlavienesarretejamais.jpg\" alt=\"\" class=\"wp-image-3447\" srcset=\"http:\/\/aaria-tv.com\/wpzeri\/wp-content\/uploads\/2024\/06\/image_0404300_20240605_ob_a58eda_benlavienesarretejamais.jpg 1600w, http:\/\/aaria-tv.com\/wpzeri\/wp-content\/uploads\/2024\/06\/image_0404300_20240605_ob_a58eda_benlavienesarretejamais-300x212.jpg 300w, http:\/\/aaria-tv.com\/wpzeri\/wp-content\/uploads\/2024\/06\/image_0404300_20240605_ob_a58eda_benlavienesarretejamais-768x541.jpg 768w, http:\/\/aaria-tv.com\/wpzeri\/wp-content\/uploads\/2024\/06\/image_0404300_20240605_ob_a58eda_benlavienesarretejamais-1536x1083.jpg 1536w\" sizes=\"(max-width: 1600px) 100vw, 1600px\" \/><\/figure>\n\n\n\n<figure class=\"wp-block-image size-large\"><img loading=\"lazy\" width=\"800\" height=\"1028\" data-id=\"3446\"  src=\"http:\/\/aaria-tv.com\/wpzeri\/wp-content\/uploads\/2024\/06\/ben-vautier-Je-ne-sais-plus-quoi-faire-1987.jpg\" alt=\"\" class=\"wp-image-3446\" srcset=\"http:\/\/aaria-tv.com\/wpzeri\/wp-content\/uploads\/2024\/06\/ben-vautier-Je-ne-sais-plus-quoi-faire-1987.jpg 800w, http:\/\/aaria-tv.com\/wpzeri\/wp-content\/uploads\/2024\/06\/ben-vautier-Je-ne-sais-plus-quoi-faire-1987-233x300.jpg 233w, http:\/\/aaria-tv.com\/wpzeri\/wp-content\/uploads\/2024\/06\/ben-vautier-Je-ne-sais-plus-quoi-faire-1987-768x987.jpg 768w\" sizes=\"(max-width: 800px) 100vw, 800px\" \/><\/figure>\n\n\n\n<figure class=\"wp-block-image size-full\"><img loading=\"lazy\" width=\"200\" height=\"200\" data-id=\"3454\"  src=\"http:\/\/aaria-tv.com\/wpzeri\/wp-content\/uploads\/2024\/06\/ben-vautier-courage-la-fin-approchex.jpg\" alt=\"\" class=\"wp-image-3454\" srcset=\"http:\/\/aaria-tv.com\/wpzeri\/wp-content\/uploads\/2024\/06\/ben-vautier-courage-la-fin-approchex.jpg 200w, http:\/\/aaria-tv.com\/wpzeri\/wp-content\/uploads\/2024\/06\/ben-vautier-courage-la-fin-approchex-150x150.jpg 150w, http:\/\/aaria-tv.com\/wpzeri\/wp-content\/uploads\/2024\/06\/ben-vautier-courage-la-fin-approchex-73x73.jpg 73w, http:\/\/aaria-tv.com\/wpzeri\/wp-content\/uploads\/2024\/06\/ben-vautier-courage-la-fin-approchex-174x174.jpg 174w\" sizes=\"(max-width: 200px) 100vw, 200px\" \/><\/figure>\n\n\n\n<figure class=\"wp-block-image size-full\"><img loading=\"lazy\" width=\"200\" height=\"200\" data-id=\"3456\"  src=\"http:\/\/aaria-tv.com\/wpzeri\/wp-content\/uploads\/2024\/06\/ben-vautier-cette-porte-mene-ailleursx.jpg\" alt=\"\" class=\"wp-image-3456\" srcset=\"http:\/\/aaria-tv.com\/wpzeri\/wp-content\/uploads\/2024\/06\/ben-vautier-cette-porte-mene-ailleursx.jpg 200w, http:\/\/aaria-tv.com\/wpzeri\/wp-content\/uploads\/2024\/06\/ben-vautier-cette-porte-mene-ailleursx-150x150.jpg 150w, http:\/\/aaria-tv.com\/wpzeri\/wp-content\/uploads\/2024\/06\/ben-vautier-cette-porte-mene-ailleursx-73x73.jpg 73w, http:\/\/aaria-tv.com\/wpzeri\/wp-content\/uploads\/2024\/06\/ben-vautier-cette-porte-mene-ailleursx-174x174.jpg 174w\" sizes=\"(max-width: 200px) 100vw, 200px\" \/><\/figure>\n\n\n\n<figure class=\"wp-block-image size-large\"><img loading=\"lazy\" width=\"1410\" height=\"1000\" data-id=\"3443\"  src=\"http:\/\/aaria-tv.com\/wpzeri\/wp-content\/uploads\/2024\/06\/ben.jpg\" alt=\"\" class=\"wp-image-3443\" srcset=\"http:\/\/aaria-tv.com\/wpzeri\/wp-content\/uploads\/2024\/06\/ben.jpg 1410w, http:\/\/aaria-tv.com\/wpzeri\/wp-content\/uploads\/2024\/06\/ben-300x213.jpg 300w, http:\/\/aaria-tv.com\/wpzeri\/wp-content\/uploads\/2024\/06\/ben-768x545.jpg 768w\" sizes=\"(max-width: 1410px) 100vw, 1410px\" \/><\/figure>\n\n\n\n<figure class=\"wp-block-image size-large\"><img loading=\"lazy\" width=\"1000\" height=\"756\" data-id=\"3442\"  src=\"http:\/\/aaria-tv.com\/wpzeri\/wp-content\/uploads\/2024\/06\/4T02930.jpg\" alt=\"\" class=\"wp-image-3442\" srcset=\"http:\/\/aaria-tv.com\/wpzeri\/wp-content\/uploads\/2024\/06\/4T02930.jpg 1000w, http:\/\/aaria-tv.com\/wpzeri\/wp-content\/uploads\/2024\/06\/4T02930-300x227.jpg 300w, http:\/\/aaria-tv.com\/wpzeri\/wp-content\/uploads\/2024\/06\/4T02930-768x581.jpg 768w, http:\/\/aaria-tv.com\/wpzeri\/wp-content\/uploads\/2024\/06\/4T02930-285x214.jpg 285w\" sizes=\"(max-width: 1000px) 100vw, 1000px\" \/><\/figure>\n\n\n\n<figure class=\"wp-block-image size-large\"><img loading=\"lazy\" width=\"250\" height=\"202\" data-id=\"3433\"  src=\"http:\/\/aaria-tv.com\/wpzeri\/wp-content\/uploads\/2024\/06\/images.jpg\" alt=\"\" class=\"wp-image-3433\"\/><\/figure>\n<\/figure>\n","protected":false},"excerpt":{"rendered":"<p>\u00ab\u00a0La pratique de la joie devant la mort\u00a0\u00bb ,texte de Georges Bataille qui devait \u00eatre publi\u00e9 dans Ac\u00e9phale no&nbsp;5 (juin 1939), titr\u00e9 \u00ab\u00a0Folie, Guerre et Mort\u00ab\u00a0, est anonyme, mais est en fait enti\u00e8rement \u00e9crit par Bataille (le titre propos\u00e9 par Andr\u00e9 Masson aurait d\u00fb \u00eatre \u00ab\u00a0Terre \u00e9rotique\u00ab\u00a0) . Pr\u00e9par\u00e9e mais non publi\u00e9e, la revue n\u00b05<a href=\"http:\/\/aaria-tv.com\/wpzeri\/2024\/06\/06\/pratique-de-la-joie\/\">[&#8230;]<\/a><\/p>\n","protected":false},"author":1,"featured_media":3438,"comment_status":"closed","ping_status":"open","sticky":false,"template":"","format":"aside","meta":[],"categories":[13,4,6],"tags":[],"_links":{"self":[{"href":"http:\/\/aaria-tv.com\/wpzeri\/wp-json\/wp\/v2\/posts\/3429"}],"collection":[{"href":"http:\/\/aaria-tv.com\/wpzeri\/wp-json\/wp\/v2\/posts"}],"about":[{"href":"http:\/\/aaria-tv.com\/wpzeri\/wp-json\/wp\/v2\/types\/post"}],"author":[{"embeddable":true,"href":"http:\/\/aaria-tv.com\/wpzeri\/wp-json\/wp\/v2\/users\/1"}],"replies":[{"embeddable":true,"href":"http:\/\/aaria-tv.com\/wpzeri\/wp-json\/wp\/v2\/comments?post=3429"}],"version-history":[{"count":21,"href":"http:\/\/aaria-tv.com\/wpzeri\/wp-json\/wp\/v2\/posts\/3429\/revisions"}],"predecessor-version":[{"id":3566,"href":"http:\/\/aaria-tv.com\/wpzeri\/wp-json\/wp\/v2\/posts\/3429\/revisions\/3566"}],"wp:featuredmedia":[{"embeddable":true,"href":"http:\/\/aaria-tv.com\/wpzeri\/wp-json\/wp\/v2\/media\/3438"}],"wp:attachment":[{"href":"http:\/\/aaria-tv.com\/wpzeri\/wp-json\/wp\/v2\/media?parent=3429"}],"wp:term":[{"taxonomy":"category","embeddable":true,"href":"http:\/\/aaria-tv.com\/wpzeri\/wp-json\/wp\/v2\/categories?post=3429"},{"taxonomy":"post_tag","embeddable":true,"href":"http:\/\/aaria-tv.com\/wpzeri\/wp-json\/wp\/v2\/tags?post=3429"}],"curies":[{"name":"wp","href":"https:\/\/api.w.org\/{rel}","templated":true}]}}